[{"@context":"https:\/\/schema.org\/","@type":"Article","@id":"https:\/\/www.tremas.cz\/pece-o-kojenecke-obleceni\/#Article","mainEntityOfPage":"https:\/\/www.tremas.cz\/pece-o-kojenecke-obleceni\/","headline":"P\u00e9\u010de o kojeneck\u00e9 oble\u010den\u00ed","name":"P\u00e9\u010de o kojeneck\u00e9 oble\u010den\u00ed","description":"Kojeneck\u00e9 oble\u010den\u00ed je nejen kr\u00e1sn\u00e9 ale v\u011bt\u0161inou tak\u00e9 jemn\u00e9. Je vytvo\u0159eno z takov\u00fdch materi\u00e1l\u016f, aby d\u011bti nedr\u00e1\u017edilo a bylo co nejv\u00edce p\u0159\u00edjemn\u00e9. A t\u00edm ...","datePublished":"2019-12-05","dateModified":"2023-05-02","author":{"@type":"Person","@id":"https:\/\/www.tremas.cz\/author\/#Person","name":"","url":"https:\/\/www.tremas.cz\/author\/","identifier":1,"image":{"@type":"ImageObject","@id":"https:\/\/secure.gravatar.com\/avatar\/4e6a74466e4227c12d5306875d08720cdfce3572213740db6f4a2e5e46e710ff?s=96&d=mm&r=g","url":"https:\/\/secure.gravatar.com\/avatar\/4e6a74466e4227c12d5306875d08720cdfce3572213740db6f4a2e5e46e710ff?s=96&d=mm&r=g","height":96,"width":96}},"publisher":{"@type":"Organization","name":"tremas.cz","logo":{"@type":"ImageObject","@id":"\/logo.png","url":"\/logo.png","width":600,"height":60}},"image":{"@type":"ImageObject","@id":"https:\/\/www.tremas.cz\/wp-content\/uploads\/img_a369804_w1761_t1581798100.jpg","url":"https:\/\/www.tremas.cz\/wp-content\/uploads\/img_a369804_w1761_t1581798100.jpg","height":0,"width":0},"url":"https:\/\/www.tremas.cz\/pece-o-kojenecke-obleceni\/","about":["Produkty"],"wordCount":463,"articleBody":"       Kojeneck\u00e9 oble\u010den\u00ed je nejen kr\u00e1sn\u00e9 ale v\u011bt\u0161inou tak\u00e9 jemn\u00e9. Je vytvo\u0159eno z takov\u00fdch materi\u00e1l\u016f, aby d\u011bti nedr\u00e1\u017edilo a bylo co nejv\u00edce p\u0159\u00edjemn\u00e9. A t\u00edm p\u00e1dem vy\u017eaduje i ur\u010ditou p\u00e9\u010di. Jak pe\u010dovat o oble\u010den\u00ed pro miminka? Tak p\u0159edn\u011b se soust\u0159e\u010fte na v\u00fdb\u011br materi\u00e1lu oble\u010den\u00ed. Zam\u011b\u0159te se na p\u0159irozen\u00e9 materi\u00e1ly tipu bavlna a len, nejl\u00e9pe v bio kvalit\u011b. Koukejte tak\u00e9 na styl tkan\u00ed  https:\/\/wol.jw.org\/cs\/wol\/d\/r29\/lp-b\/1200004591 l\u00e1tky, ze kter\u00e9 je oble\u010den\u00ed u\u0161ito. Materi\u00e1l by prost\u011b m\u011bl b\u00fdt p\u0159\u00edjemn\u00fd na dotek. Na pran\u00ed zvolte n\u011bjak\u00fd co nejm\u00e9n\u011b toxick\u00fd pr\u00e1\u0161ek \u010di gel, nejl\u00e9pe naprosto bez parfemace a bez silikon\u016f. \u010c\u00edm p\u0159\u00edrodn\u011bj\u0161\u00ed cestou p\u016fjdete, t\u00edm je to pro k\u016f\u017ei d\u00edt\u011bte lep\u0161\u00ed. M\u016f\u017eete zkusit klidn\u011b i n\u011bkter\u00fd z alternativn\u00edch p\u0159\u00edstup\u016f \u2013 pran\u00ed v tuh\u00e9m m\u00fddle nastrouhan\u00e9m do pra\u010dky, pop\u0159\u00edpad\u011b v m\u00fddlov\u00fdch o\u0159e\u0161\u00edch. Vynechejte aviv\u00e1\u017e, ta zalepuje vl\u00e1kna a poko\u017eka se t\u00edm p\u00e1dem dus\u00ed. Nen\u00ed nutn\u00e9 pr\u00e1t na nejvy\u0161\u0161\u00ed teploty, sta\u010d\u00ed 40\u00b0C. D\u0159\u00edve se ve\u0161ker\u00e9 oble\u010den\u00ed na miminka \u017eehlilo, u\u017e z d\u016fvodu dezinfekce oble\u010den\u00ed. V dne\u0161n\u00ed dob\u011b su\u0161i\u010dek to ji\u017e nen\u00ed nutn\u00e9. Pokud su\u0161i\u010dku m\u00e1te, budete m\u00edt oble\u010den\u00ed m\u011bk\u010d\u00ed a vyhnete se tak \u017eehlen\u00ed pr\u00e1dla. Pokud ji doma nem\u00e1te, \u017eehlete jen prvn\u00edch p\u00e1r t\u00fddn\u016f a pak u\u017e to tak\u00e9 nen\u00ed nutn\u00e9. Oble\u010den\u00ed se stejn\u011b slo\u017e\u00ed do sk\u0159\u00edn\u011b, kter\u00e1 nen\u00ed steriln\u00ed, a t\u00edm p\u00e1dem se bakteri\u00ed nezbav\u00edte. Skvrn na oble\u010den\u00ed se d\u00e1 zbavit pom\u011brn\u011b lehce. Sta\u010d\u00ed m\u00edt kvalitn\u00ed p\u0159\u00edpravek, kter\u00fd v\u00e1m se skvrnami pom\u016f\u017ee. Bu\u010f m\u016f\u017eete koupit n\u011bjak\u00fd speci\u00e1ln\u00ed p\u0159\u00edpravek na skvrny, ale posta\u010d\u00ed v\u00e1m klidn\u011b i jen oby\u010dejn\u00e9 \u017elu\u010dov\u00e9 m\u00fddlo, kter\u00e9 odstran\u00ed t\u00e9m\u011b\u0159 v\u0161e. Na b\u00edl\u00e9 pr\u00e1dlo se nebojte pou\u017e\u00edt i sodu, kter\u00e1 tak\u00e9 se spoustou skvrn zato\u010d\u00ed. Pokud se v\u00e1m nepoda\u0159\u00ed n\u011bjakou skvrnu odstranit, pak si nechte oble\u010den\u00ed t\u0159eba na krmen\u00ed, u kter\u00e9ho se d\u00edt\u011b v\u011bt\u0161inou za\u0161pin\u00ed, nem\u00e1 cenu oble\u010den\u00ed hned vyhazovat, opravdu se v\u00e1m na n\u011bkter\u00e9 \u010dinnosti bude je\u0161t\u011b hodit. Pokud je oble\u010den\u00ed opravdu kvalitn\u00ed, pak v\u011bt\u0161inou vydr\u017e\u00ed v\u00edce ne\u017e jedno d\u00edtko, nebojte se v\u00fdbavu schovat na dal\u0161\u00ed nebo nab\u00eddnout n\u011bkomu, kdo miminko \u010dek\u00e1. V\u011bt\u0161ina maminek ocen\u00ed darovan\u00e9 oble\u010den\u00ed.                                                                                                                                                                                                                                                                                                                                                                                           4.6\/5 - (7 votes)        "},{"@context":"https:\/\/schema.org\/","@type":"BreadcrumbList","itemListElement":[{"@type":"ListItem","position":1,"name":"P\u00e9\u010de o kojeneck\u00e9 oble\u010den\u00ed","item":"https:\/\/www.tremas.cz\/pece-o-kojenecke-obleceni\/#breadcrumbitem"}]}]