[{"@context":"https:\/\/schema.org\/","@type":"Article","@id":"https:\/\/www.tremas.cz\/letni-dovolena\/#Article","mainEntityOfPage":"https:\/\/www.tremas.cz\/letni-dovolena\/","headline":"Letn\u00ed dovolen\u00e1","name":"Letn\u00ed dovolen\u00e1","description":"Na dovolenou se ka&Aring;&frac34;d&Atilde;&frac12; t&Auml;&#8250;&Aring;&iexcl;&Atilde;&shy; a chce si ji u&Aring;&frac34;&Atilde;&shy;t. Proto velmi pe&Auml;liv&Auml;&#8250; vol&Atilde;&shy; m&Atilde;&shy;sto, kam se vyd&Atilde;&iexcl;. N&Auml;&#8250;kdo chce k mo&Aring;&#8482;i, jin&Atilde;&frac12; do ...","datePublished":"2023-04-23","dateModified":"2024-02-23","author":{"@type":"Person","@id":"https:\/\/www.tremas.cz\/author\/#Person","name":"","url":"https:\/\/www.tremas.cz\/author\/","identifier":1,"image":{"@type":"ImageObject","@id":"https:\/\/secure.gravatar.com\/avatar\/4e6a74466e4227c12d5306875d08720cdfce3572213740db6f4a2e5e46e710ff?s=96&d=mm&r=g","url":"https:\/\/secure.gravatar.com\/avatar\/4e6a74466e4227c12d5306875d08720cdfce3572213740db6f4a2e5e46e710ff?s=96&d=mm&r=g","height":96,"width":96}},"publisher":{"@type":"Organization","name":"tremas.cz","logo":{"@type":"ImageObject","@id":"\/logo.png","url":"\/logo.png","width":600,"height":60}},"image":{"@type":"ImageObject","@id":"https:\/\/www.tremas.cz\/wp-content\/uploads\/sphinx-1175828_640.jpg","url":"https:\/\/www.tremas.cz\/wp-content\/uploads\/sphinx-1175828_640.jpg","height":0,"width":0},"url":"https:\/\/www.tremas.cz\/letni-dovolena\/","about":["Dovolen\u00e1"],"wordCount":808,"articleBody":"Na dovolenou se ka&Aring;&frac34;d&Atilde;&frac12; t&Auml;&#8250;&Aring;&iexcl;&Atilde;&shy; a chce si ji u&Aring;&frac34;&Atilde;&shy;t. Proto velmi pe&Auml;liv&Auml;&#8250; vol&Atilde;&shy; m&Atilde;&shy;sto, kam se vyd&Atilde;&iexcl;. N&Auml;&#8250;kdo chce k mo&Aring;&#8482;i, jin&Atilde;&frac12; do Afriky a t&Aring;&#8482;et&Atilde;&shy; n&Auml;&#8250;kam na sever. Ka&Aring;&frac34;d&Atilde;&frac12; m&Atilde;&iexcl; sv&Atilde;&copy; p&Aring;&#8482;edstavy a ka&Aring;&frac34;d&Atilde;&frac12; chce b&Atilde;&frac12;t tam, kde se domn&Atilde;&shy;v&Atilde;&iexcl;, &Aring;&frac34;e mu bude dob&Aring;&#8482;e. Tak&Aring;&frac34;e ten, kdo m&Atilde;&iexcl; r&Atilde;&iexcl;d zimu a sn&Atilde;&shy;h asi nebude volit n&Auml;&#8250;co kolem rovn&Atilde;&shy;ku a zase ten kdo m&Atilde;&iexcl; r&Atilde;&iexcl;d tepl&Atilde;&shy;&Auml;ko, asi t&Auml;&#8250;&Aring;&frac34;ko bude na dovolen&Atilde;&copy; n&Auml;&#8250;kde kolem pol&Atilde;&iexcl;rn&Atilde;&shy;ho kruhu. A&Auml;koli, zm&Auml;&#8250;na je &Aring;&frac34;ivot. &Acirc;&nbsp;V ka&Aring;&frac34;d&Atilde;&copy; &Auml;&Atilde;&iexcl;sti sv&Auml;&#8250;ta se d&Atilde;&iexcl; naj&Atilde;&shy;t n&Auml;&#8250;co, co n&Atilde;&iexcl;s p&Aring;&#8482;ekvap&Atilde;&shy; nebo ohrom&Atilde;&shy;. Kdo vid&Auml;&#8250;l pyramidy v G&Atilde;&shy;ze, d&Atilde;&iexcl; mi jist&Auml;&#8250; za pravdu. Na fotk&Atilde;&iexcl;ch a filmech to nijak nep&Aring;&macr;sob&Atilde;&shy;, ale kdy&Aring;&frac34; p&Aring;&#8482;ed nimi &Auml;lov&Auml;&#8250;k stane za&Auml;ne ch&Atilde;&iexcl;pat ty rozm&Auml;&#8250;ry. To je zn&Atilde;&iexcl;m&Atilde;&iexcl; v&Auml;&#8250;c. &Acirc;&nbsp;Dal&Aring;&iexcl;&Atilde;&shy; zaj&Atilde;&shy;mavosti nalezneme t&Aring;&#8482;eba v Palenque, kter&Atilde;&iexcl; je u &Aring;&#8482;eky Usumacinta v mexick&Atilde;&copy;m st&Atilde;&iexcl;t&Auml;&#8250; s n&Atilde;&iexcl;zvem Chiapas. Zde n&Atilde;&iexcl;s zase ohrom&Atilde;&shy; historie staveb. Tak&Atilde;&copy; se jen t&Auml;&#8250;&Aring;&frac34;ko ch&Atilde;&iexcl;pe, co k tomu stavitel&Atilde;&copy; vedlo. &Acirc;&nbsp;Ov&Aring;&iexcl;em takov&Atilde;&frac12;ch v&Auml;&#8250;c&Atilde;&shy; je na sv&Auml;&#8250;t&Auml;&#8250; spousta. Nap&Aring;&#8482;&Atilde;&shy;klad Velik&Atilde;&iexcl; &Auml;&Atilde;&shy;nsk&Atilde;&iexcl; ze&Auml;, kter&Atilde;&frac12; pr&Atilde;&frac12; jde vid&Auml;&#8250;t z M&Auml;&#8250;s&Atilde;&shy;ce jako jedin&Atilde;&iexcl; stavba na zemi. Je to samoz&Aring;&#8482;ejm&Auml;&#8250; nesmysl, n&Auml;&#8250;kdo si &Aring;&iexcl;patn&Auml;&#8250; vylo&Aring;&frac34;il nebo p&Aring;&#8482;elo&Aring;&frac34;il v&Auml;&#8250;tu, ve kter&Atilde;&copy; je ps&Atilde;&iexcl;no, &Aring;&frac34;e je vid&Auml;&#8250;t z Vesm&Atilde;&shy;ru, a ne z M&Auml;&#8250;s&Atilde;&shy;ce. &Acirc;&nbsp;Kamkoli byste jeli na dovolenou k t&Auml;&#8250;mto m&Atilde;&shy;st&Aring;&macr;m, mus&Atilde;&shy;te se hluboce poklonit tomu, kdo to v&Aring;&iexcl;echno vymyslel, a hlavn&Auml;&#8250; kdo to potom budoval. &Acirc;&nbsp;Na severu &Aring;&frac34;&Atilde;&iexcl;dn&Atilde;&copy; takov&Atilde;&copy; monumenty nenalezneme, ale zase n&Atilde;&iexcl;s zde p&Aring;&#8482;ekvap&Atilde;&shy; b&Atilde;&shy;l&Atilde;&copy; pl&Atilde;&iexcl;n&Auml;&#8250; a hory, kter&Atilde;&copy; jsou v&Auml;&#8250;&Auml;n&Auml;&#8250; zasn&Auml;&#8250;&Aring;&frac34;en&Atilde;&copy; a &Auml;lov&Auml;&#8250;k m&Atilde;&iexcl; chu&Aring;&yen; obout si ly&Aring;&frac34;e a rozjet se do nezn&Atilde;&iexcl;ma. Na severu v&Aring;&iexcl;eobecn&Auml;&#8250; v&Aring;&iexcl;ak m&Atilde;&shy;sto monument&Aring;&macr; m&Aring;&macr;&Aring;&frac34;eme spat&Aring;&#8482;it ledn&Atilde;&shy;ho medv&Auml;&#8250;da, na jihu zase tu&Auml;&Aring;&#710;&Atilde;&iexcl;ky. V&Aring;&iexcl;ude na sv&Auml;&#8250;t&Auml;&#8250; je n&Auml;&#8250;co, co m&Aring;&macr;&Aring;&frac34;e zaujmout nebo znovu a zase p&Aring;&#8482;ekvapit. &Acirc;&nbsp;A pokud na takovou dovolenou nechcete, a&Aring;&yen; u&Aring;&frac34; kv&Aring;&macr;li pen&Auml;&#8250;z&Aring;&macr;m, nebo prost&Auml;&#8250; nez&Atilde;&iexcl;jmu, tak m&Aring;&macr;&Aring;&frac34;ete z&Aring;&macr;stat doma. Na&Aring;&iexcl;e mal&Atilde;&iexcl; zem&Auml;&#8250; m&Atilde;&iexcl; tak&Atilde;&copy; spoustu kr&Atilde;&iexcl;sn&Atilde;&frac12;ch z&Atilde;&iexcl;kout&Atilde;&shy; a podivuhodnost&Atilde;&shy;. A dokonce n&Auml;&#8250;kolik sv&Auml;&#8250;tov&Atilde;&frac12;ch prvenstv&Atilde;&shy;. Nap&Aring;&#8482;&Atilde;&shy;klad propast u Hranic na Morav&Auml;&#8250; m&Atilde;&iexcl;me nejhlub&Aring;&iexcl;&Atilde;&shy; propast na cel&Atilde;&copy; zem&Auml;&#8250;kouli.&Acirc;&nbsp;                                                                                                                                                                                                                                                                                                                                                                                        4\/5 - (9 votes)        "},{"@context":"https:\/\/schema.org\/","@type":"BreadcrumbList","itemListElement":[{"@type":"ListItem","position":1,"name":"Letn\u00ed dovolen\u00e1","item":"https:\/\/www.tremas.cz\/letni-dovolena\/#breadcrumbitem"}]}]