[{"@context":"https:\/\/schema.org\/","@type":"Article","@id":"https:\/\/www.tremas.cz\/kultura-v-roce-2025\/#Article","mainEntityOfPage":"https:\/\/www.tremas.cz\/kultura-v-roce-2025\/","headline":"Kultura v roce 2025","name":"Kultura v roce 2025","description":"Pokud se \u010dlov\u011bk m\u016f\u017ee na n\u011bco t\u011b\u0161it, je to to, \u017ee i v roce 2025 budou r\u016fzn\u00e9 kulturn\u00ed akce, na kter\u00e9 \u010dlov\u011bk m\u016f\u017ee zav\u00edtat. ...","datePublished":"2024-03-28","dateModified":"2024-03-28","author":{"@type":"Person","@id":"https:\/\/www.tremas.cz\/author\/#Person","name":"","url":"https:\/\/www.tremas.cz\/author\/","identifier":1,"image":{"@type":"ImageObject","@id":"https:\/\/secure.gravatar.com\/avatar\/4e6a74466e4227c12d5306875d08720cdfce3572213740db6f4a2e5e46e710ff?s=96&d=mm&r=g","url":"https:\/\/secure.gravatar.com\/avatar\/4e6a74466e4227c12d5306875d08720cdfce3572213740db6f4a2e5e46e710ff?s=96&d=mm&r=g","height":96,"width":96}},"publisher":{"@type":"Organization","name":"tremas.cz","logo":{"@type":"ImageObject","@id":"\/logo.png","url":"\/logo.png","width":600,"height":60}},"image":{"@type":"ImageObject","@id":"https:\/\/www.tremas.cz\/wp-content\/uploads\/concert-3084876_640.jpg","url":"https:\/\/www.tremas.cz\/wp-content\/uploads\/concert-3084876_640.jpg","height":0,"width":0},"url":"https:\/\/www.tremas.cz\/kultura-v-roce-2025\/","about":["Kultura"],"wordCount":498,"articleBody":"Pokud se \u010dlov\u011bk m\u016f\u017ee na n\u011bco t\u011b\u0161it, je to to, \u017ee i v roce 2025 budou r\u016fzn\u00e9 kulturn\u00ed akce, na kter\u00e9 \u010dlov\u011bk m\u016f\u017ee zav\u00edtat. Jestli\u017ee se mnoho lid\u00ed na n\u011bco t\u011b\u0161\u00ed a to u\u017e ze za\u010d\u00e1tku Ledna, jsou to festivaly, kter\u00e9 se po cel\u00fd rok konaj\u00ed na r\u016fzn\u00fdch m\u00edstech \u010cesk\u00e9 republiky. Nejv\u00edce obl\u00edben\u00e9 festivaly jsou ty, kter\u00e9 b\u00fdvaj\u00ed v l\u00e9t\u011b a to zejm\u00e9na proto, \u017ee pr\u00e1v\u011b l\u00e9to je nejide\u00e1ln\u011bj\u0161\u00ed ro\u010dn\u00ed obdob\u00ed a to nejen kv\u016fli tomu, \u017ee je teplo, ale tak\u00e9 kv\u016fli tomu, \u017ee si lid\u00e9 r\u00e1di dop\u0159ej\u00ed volno v dob\u011b, kdy je hezky a teplo a nav\u00edc si po takov\u00e9m festivale mohou dostate\u010dn\u011b odpo\u010dinout, ne\u017e op\u011bt p\u016fjdou do pr\u00e1ce.Jestli\u017ee na \u017e\u00e1dn\u00e9 festivaly nechod\u00edte, mo\u017en\u00e1 by nebylo \u0161patn\u00e9 jeden rok na takov\u00fd festival zaj\u00edt a to proto, \u017ee v\u00e1s to m\u016f\u017ee mile p\u0159ekvapit. Je spousta lid\u00ed, kte\u0159\u00ed se rozhodli d\u00e1t festival\u016fm \u0161anci a jsou za to r\u00e1di, proto\u017ee si na\u0161li n\u011bco, na co se mohou cel\u00fd rok t\u011b\u0161it. Pokud v\u00e1s nel\u00e1kaj\u00ed festivaly mo\u017en\u00e1 by nebylo \u0161patn\u00e9 pod\u00edvat se, co jin\u00e9ho se bude v leto\u0161n\u00edm roce konat. Ur\u010dit\u011b se n\u011bco, co by v\u00e1s zaujalo, mohlo naj\u00edt. Ur\u010dit\u011b p\u016fjdou do kin nov\u00e9 filmy a do divadel nov\u00e1 p\u0159edstaven\u00ed, kter\u00e1 budou st\u00e1t za to. Rozhodn\u011b si ka\u017ed\u00fd m\u016f\u017ee naj\u00edt n\u011bco, z \u010deho bude nad\u0161en\u00fd a to v\u010detn\u011b v\u00e1s. \u010clov\u011bk by m\u011bl \u017e\u00edt kulturn\u00edm \u017eivotem a to proto, \u017ee pokud \u010dlov\u011bk pouze pracuje, bude to na n\u011bj m\u00edt velk\u00fd vliv.Je dost mo\u017en\u00e9, \u017ee kv\u016fli pr\u00e1ci na konec z\u016fstanete sami, bez kamar\u00e1d\u016f. Opravdu by nebylo na \u0161kodu, pokud byste jednou za \u010das za\u0161li mezi lidi. Uvid\u00edte, \u017ee v\u00e1m to prosp\u011bje. Je mnoho lid\u00ed, kte\u0159\u00ed se kultu\u0159e vyh\u00fdbaj\u00ed. Nen\u00ed to ale dob\u0159e. Zm\u011b\u0148te sv\u016fj postoj. Sami uvid\u00edte, \u017ee budete nad\u0161eni, pokud jednou za \u010das zajdete za kulturou. Pro mnoh\u00e9 je velmi t\u011b\u017ek\u00e9 naj\u00edt \u010dinnost, d\u00edky kter\u00e9 se jim poda\u0159\u00ed p\u0159ij\u00edt na jin\u00e9 my\u0161lenky. Uvid\u00edte, \u017ee pokud d\u00e1te n\u011bkter\u00fdm v\u011bcem \u0161anci, na konec budete m\u00edt i vy \u010dinnost, d\u00edky kter\u00e9 nebudete alespo\u0148 na chv\u00edli myslet na pr\u00e1ci. Je pochopiteln\u00e9, \u017ee se sna\u017e\u00edte maxim\u00e1ln\u011b pracovat, abyste m\u011bli pen\u00edze na v\u0161e, na co pot\u0159ebujete, ale je pot\u0159eba m\u00edt tak\u00e9 n\u011bco, co v\u00e1m pom\u016f\u017ee si odpo\u010dinout, jinak by se mohlo st\u00e1t, \u017ee se brzy budete pot\u00fdkat s vyho\u0159en\u00edm, co\u017e nen\u00ed dobr\u00e9.                                                                                                                                                                                                                                                                                                                                                                                        4.1\/5 - (8 votes)        "},{"@context":"https:\/\/schema.org\/","@type":"BreadcrumbList","itemListElement":[{"@type":"ListItem","position":1,"name":"Kultura v roce 2025","item":"https:\/\/www.tremas.cz\/kultura-v-roce-2025\/#breadcrumbitem"}]}]